{"id":3153,"date":"2024-05-18T08:00:18","date_gmt":"2024-05-18T06:00:18","guid":{"rendered":"https:\/\/alcalaten.es\/?p=3153"},"modified":"2024-05-31T01:44:26","modified_gmt":"2024-05-30T23:44:26","slug":"la-mostra-cultural-dedicada-al-cultiu-de-lolivera","status":"publish","type":"post","link":"https:\/\/alcalaten.es\/index.php\/2024\/05\/18\/la-mostra-cultural-dedicada-al-cultiu-de-lolivera\/","title":{"rendered":"La Mostra Cultural de l&#8217;Alcalat\u00e9n estar\u00e0 dedicada al cultiu de l&#8217;olivera"},"content":{"rendered":"\t\t<div data-elementor-type=\"wp-post\" data-elementor-id=\"3153\" class=\"elementor elementor-3153\">\n\t\t\t\t<div class=\"elementor-element elementor-element-7b6b75e e-flex e-con-boxed e-con e-parent\" data-id=\"7b6b75e\" data-element_type=\"container\" data-e-type=\"container\">\n\t\t\t\t\t<div class=\"e-con-inner\">\n\t\t\t\t<div class=\"elementor-element elementor-element-1756190 elementor-widget elementor-widget-text-editor\" data-id=\"1756190\" data-element_type=\"widget\" data-e-type=\"widget\" data-widget_type=\"text-editor.default\">\n\t\t\t\t<div class=\"elementor-widget-container\">\n\t\t\t\t\t\t\t\t\t<p>La creaci\u00f3 d\u2019un mural, visites guiades a la cooperativa o un tast d\u2019olis s\u00f3n&nbsp;algunes de les propostes d\u2019aquest esdeveniment comarcal, que es celebrar\u00e1&nbsp;el 15 de juny a Figueroles.<br><br>La XXIII Mostra Cultural de l&#8217;Alcalat\u00e9n, esdeveniment comarcal organitzat per la&nbsp;Coordinadora de l&#8217;Alcalat\u00e9n i l\u2019Associaci\u00f3 Cultural l\u2019Arc que se celebrar\u00e0 a Figueroles el&nbsp;pr\u00f2xim 15 de juny, estar\u00e0 dedicada al cultiu de l&#8217;olivera i a les diferents aplicacions de&nbsp;l&#8217;oli d&#8217;oliva amb l&#8217;objectiu de la seua posada en valor.<br><br><\/p><p>Aquesta tem\u00e0tica impregnar\u00e0 part de les activitats previstes en la programaci\u00f3 en ser un&nbsp;dels cultius m\u00e9s representatius del municipi, on van arribar a funcionar 8 molins al llarg&nbsp;de la seua hist\u00f2ria i on la Cooperativa Sant Mateu continua sent un dels principals punts&nbsp;de recollida del fruit i elaboraci\u00f3 d&#8217;oli de la comarca.<br><br><\/p><p>En aquest sentit, en les pr\u00f2ximes setmanes comen\u00e7ar\u00e0 el treball de creaci\u00f3 d&#8217;un mural&nbsp;commemoratiu, la proposta del qual girar\u00e0 al voltant d&#8217;aquesta mateixa tem\u00e0tica. Aix\u00ed&nbsp;mateix, la programaci\u00f3 contempla propostes relacionades com visites guiades a la&nbsp;cooperativa, un tast d&#8217;olis o la interpretaci\u00f3 d\u2019una can\u00e7\u00f3, entre altres.<br><br><\/p><p>En aquesta edici\u00f3 l\u2019esdeveniment, que promou la uni\u00f3 dels pobles de la comarca, la seua&nbsp;cultura i tradicions, est\u00e0 patrocinat per l&#8217;Ajuntament de Figueroles, l&#8217;empresa Equipe&nbsp;Cer\u00e1micas i la Caixa Rural L&#8217;Alcora, a m\u00e9s de comptar amb la col\u00b7laboraci\u00f3 de nombroses&nbsp;associacions.<\/p>\t\t\t\t\t\t\t\t<\/div>\n\t\t\t\t<\/div>\n\t\t\t\t\t<\/div>\n\t\t\t\t<\/div>\n\t\t<div class=\"elementor-element elementor-element-fa30f99 e-flex e-con-boxed e-con e-parent\" data-id=\"fa30f99\" data-element_type=\"container\" data-e-type=\"container\">\n\t\t\t\t\t<div class=\"e-con-inner\">\n\t\t\t\t<div class=\"elementor-element elementor-element-ed43bfb elementor-widget elementor-widget-image\" data-id=\"ed43bfb\" data-element_type=\"widget\" data-e-type=\"widget\" data-widget_type=\"image.default\">\n\t\t\t\t<div class=\"elementor-widget-container\">\n\t\t\t\t\t\t\t\t\t\t\t\t\t\t\t<img fetchpriority=\"high\" decoding=\"async\" width=\"215\" height=\"300\" src=\"https:\/\/alcalaten.es\/wp-content\/uploads\/2024\/02\/MOSTRA-2024-215x300.jpg\" class=\"attachment-medium size-medium wp-image-2483\" alt=\"\" srcset=\"https:\/\/alcalaten.es\/wp-content\/uploads\/2024\/02\/MOSTRA-2024-215x300.jpg 215w, https:\/\/alcalaten.es\/wp-content\/uploads\/2024\/02\/MOSTRA-2024-734x1024.jpg 734w, https:\/\/alcalaten.es\/wp-content\/uploads\/2024\/02\/MOSTRA-2024-768x1072.jpg 768w, https:\/\/alcalaten.es\/wp-content\/uploads\/2024\/02\/MOSTRA-2024-1101x1536.jpg 1101w, https:\/\/alcalaten.es\/wp-content\/uploads\/2024\/02\/MOSTRA-2024-1468x2048.jpg 1468w, https:\/\/alcalaten.es\/wp-content\/uploads\/2024\/02\/MOSTRA-2024-scaled.jpg 1835w\" sizes=\"(max-width: 215px) 100vw, 215px\" \/>\t\t\t\t\t\t\t\t\t\t\t\t\t\t\t<\/div>\n\t\t\t\t<\/div>\n\t\t\t\t\t<\/div>\n\t\t\t\t<\/div>\n\t\t\t\t<\/div>\n\t\t","protected":false},"excerpt":{"rendered":"<p>La creaci\u00f3 d\u2019un mural, visites guiades a la cooperativa o un tast d\u2019olis s\u00f3n&nbsp;algunes de les propostes d\u2019aquest esdeveniment comarcal, que es celebrar\u00e1&nbsp;el 15 de juny a Figueroles. La XXIII Mostra Cultural de l&#8217;Alcalat\u00e9n, esdeveniment comarcal organitzat per la&nbsp;Coordinadora de l&#8217;Alcalat\u00e9n i l\u2019Associaci\u00f3 Cultural l\u2019Arc que se celebrar\u00e0 a Figueroles el&nbsp;pr\u00f2xim 15 de juny, estar\u00e0 [&hellip;]<\/p>\n","protected":false},"author":1,"featured_media":0,"comment_status":"open","ping_status":"open","sticky":false,"template":"","format":"standard","meta":{"_acf_changed":false,"site-sidebar-layout":"default","site-content-layout":"","ast-site-content-layout":"default","site-content-style":"default","site-sidebar-style":"default","ast-global-header-display":"","ast-banner-title-visibility":"","ast-main-header-display":"","ast-hfb-above-header-display":"","ast-hfb-below-header-display":"","ast-hfb-mobile-header-display":"","site-post-title":"","ast-breadcrumbs-content":"","ast-featured-img":"","footer-sml-layout":"","ast-disable-related-posts":"","theme-transparent-header-meta":"","adv-header-id-meta":"","stick-header-meta":"","header-above-stick-meta":"","header-main-stick-meta":"","header-below-stick-meta":"","astra-migrate-meta-layouts":"default","ast-page-background-enabled":"default","ast-page-background-meta":{"desktop":{"background-color":"var(--ast-global-color-4)","background-image":"","background-repeat":"repeat","background-position":"center center","background-size":"auto","background-attachment":"scroll","background-type":"","background-media":"","overlay-type":"","overlay-color":"","overlay-opacity":"","overlay-gradient":""},"tablet":{"background-color":"","background-image":"","background-repeat":"repeat","background-position":"center center","background-size":"auto","background-attachment":"scroll","background-type":"","background-media":"","overlay-type":"","overlay-color":"","overlay-opacity":"","overlay-gradient":""},"mobile":{"background-color":"","background-image":"","background-repeat":"repeat","background-position":"center center","background-size":"auto","background-attachment":"scroll","background-type":"","background-media":"","overlay-type":"","overlay-color":"","overlay-opacity":"","overlay-gradient":""}},"ast-content-background-meta":{"desktop":{"background-color":"var(--ast-global-color-5)","background-image":"","background-repeat":"repeat","background-position":"center center","background-size":"auto","background-attachment":"scroll","background-type":"","background-media":"","overlay-type":"","overlay-color":"","overlay-opacity":"","overlay-gradient":""},"tablet":{"background-color":"var(--ast-global-color-5)","background-image":"","background-repeat":"repeat","background-position":"center center","background-size":"auto","background-attachment":"scroll","background-type":"","background-media":"","overlay-type":"","overlay-color":"","overlay-opacity":"","overlay-gradient":""},"mobile":{"background-color":"var(--ast-global-color-5)","background-image":"","background-repeat":"repeat","background-position":"center center","background-size":"auto","background-attachment":"scroll","background-type":"","background-media":"","overlay-type":"","overlay-color":"","overlay-opacity":"","overlay-gradient":""}},"footnotes":""},"categories":[1,28],"tags":[],"class_list":["post-3153","post","type-post","status-publish","format-standard","hentry","category-blog","category-figueroles"],"aioseo_notices":[],"acf":[],"_links":{"self":[{"href":"https:\/\/alcalaten.es\/index.php\/wp-json\/wp\/v2\/posts\/3153","targetHints":{"allow":["GET"]}}],"collection":[{"href":"https:\/\/alcalaten.es\/index.php\/wp-json\/wp\/v2\/posts"}],"about":[{"href":"https:\/\/alcalaten.es\/index.php\/wp-json\/wp\/v2\/types\/post"}],"author":[{"embeddable":true,"href":"https:\/\/alcalaten.es\/index.php\/wp-json\/wp\/v2\/users\/1"}],"replies":[{"embeddable":true,"href":"https:\/\/alcalaten.es\/index.php\/wp-json\/wp\/v2\/comments?post=3153"}],"version-history":[{"count":7,"href":"https:\/\/alcalaten.es\/index.php\/wp-json\/wp\/v2\/posts\/3153\/revisions"}],"predecessor-version":[{"id":3212,"href":"https:\/\/alcalaten.es\/index.php\/wp-json\/wp\/v2\/posts\/3153\/revisions\/3212"}],"wp:attachment":[{"href":"https:\/\/alcalaten.es\/index.php\/wp-json\/wp\/v2\/media?parent=3153"}],"wp:term":[{"taxonomy":"category","embeddable":true,"href":"https:\/\/alcalaten.es\/index.php\/wp-json\/wp\/v2\/categories?post=3153"},{"taxonomy":"post_tag","embeddable":true,"href":"https:\/\/alcalaten.es\/index.php\/wp-json\/wp\/v2\/tags?post=3153"}],"curies":[{"name":"wp","href":"https:\/\/api.w.org\/{rel}","templated":true}]}}