{"id":3158,"date":"2024-05-20T08:00:35","date_gmt":"2024-05-20T06:00:35","guid":{"rendered":"https:\/\/alcalaten.es\/?p=3158"},"modified":"2024-05-29T11:52:30","modified_gmt":"2024-05-29T09:52:30","slug":"canco-conmemorativa-cultiu-de-lolivera","status":"publish","type":"post","link":"https:\/\/alcalaten.es\/index.php\/2024\/05\/20\/canco-conmemorativa-cultiu-de-lolivera\/","title":{"rendered":"La Mostra Cultural de l&#8217;Alcalat\u00e9n prepara una can\u00e7\u00f3 commemorativa sobre el cultiu de l&#8217;olivera"},"content":{"rendered":"\t\t<div data-elementor-type=\"wp-post\" data-elementor-id=\"3158\" class=\"elementor elementor-3158\">\n\t\t\t\t<div class=\"elementor-element elementor-element-b7555fb e-flex e-con-boxed e-con e-parent\" data-id=\"b7555fb\" data-element_type=\"container\" data-e-type=\"container\">\n\t\t\t\t\t<div class=\"e-con-inner\">\n\t\t\t\t<div class=\"elementor-element elementor-element-47332eb elementor-widget elementor-widget-image\" data-id=\"47332eb\" data-element_type=\"widget\" data-e-type=\"widget\" data-widget_type=\"image.default\">\n\t\t\t\t<div class=\"elementor-widget-container\">\n\t\t\t\t\t\t\t\t\t\t\t\t\t\t\t<img fetchpriority=\"high\" decoding=\"async\" width=\"768\" height=\"521\" src=\"https:\/\/alcalaten.es\/wp-content\/uploads\/2024\/05\/IMG-20240528-WA0002-768x521.jpg\" class=\"attachment-medium_large size-medium_large wp-image-3159\" alt=\"\" srcset=\"https:\/\/alcalaten.es\/wp-content\/uploads\/2024\/05\/IMG-20240528-WA0002-768x521.jpg 768w, https:\/\/alcalaten.es\/wp-content\/uploads\/2024\/05\/IMG-20240528-WA0002-300x204.jpg 300w, https:\/\/alcalaten.es\/wp-content\/uploads\/2024\/05\/IMG-20240528-WA0002-1024x695.jpg 1024w, https:\/\/alcalaten.es\/wp-content\/uploads\/2024\/05\/IMG-20240528-WA0002-1536x1043.jpg 1536w, https:\/\/alcalaten.es\/wp-content\/uploads\/2024\/05\/IMG-20240528-WA0002.jpg 1600w\" sizes=\"(max-width: 768px) 100vw, 768px\" \/>\t\t\t\t\t\t\t\t\t\t\t\t\t\t\t<\/div>\n\t\t\t\t<\/div>\n\t\t\t\t<div class=\"elementor-element elementor-element-1be0e58 elementor-widget elementor-widget-text-editor\" data-id=\"1be0e58\" data-element_type=\"widget\" data-e-type=\"widget\" data-widget_type=\"text-editor.default\">\n\t\t\t\t<div class=\"elementor-widget-container\">\n\t\t\t\t\t\t\t\t\t<p>La banda de m\u00fasica i el Cor de la Parr\u00f2quia ja estan assajant esta can\u00e7\u00f3, que \u00e9s una adaptaci\u00f3 de \u201cLa *Bolangera\u201d.<\/p><p>\u00a0<\/p><p>La XXIII Mostra Cultural de l&#8217;Alcalat\u00e9n, trobada comarcal organitzada per la Coordinadora de l&#8217;Alcalat\u00e9n i l&#8217;Associaci\u00f3 Cultural l\u2019Arc que se celebrar\u00e0 a Figueroles\u00a0el pr\u00f2xim 15 de juny, est\u00e0 treballant en la creaci\u00f3 d&#8217;una can\u00e7\u00f3 commemorativa\u00a0sobre el cultiu de l&#8217;olivera.<\/p><p>\u00a0 <br \/>La can\u00e7\u00f3, proposta de l&#8217;Associaci\u00f3 Cultural Barrabum del municipi, \u00e9s una adaptaci\u00f3 de \u201cLa Bolangera\u201d que al\u00b7ludix a la situaci\u00f3 d&#8217;este cultiu des d&#8217;una perspectiva que entremescla l&#8217;humor i la cr\u00edtica. <br \/><br \/><\/p><p>El projecte ha comptat amb la col\u00b7laboraci\u00f3 de la banda de m\u00fasica \u201cAmics de la M\u00fasica\u201d i el Cor de la Parr\u00f2quia. De fet, ja s&#8217;estan realitzant els primers assajos conjunts d&#8217;esta pe\u00e7a, la lletra de la qual ha sigut creada per Joan Josep Montoliu. <br \/><br \/><\/p><p>La can\u00e7\u00f3 podr\u00e0 escoltar-se per primera vegada durant el transcurs de l&#8217;acte inaugural,\u00a0al costat d&#8217;una altra adaptaci\u00f3 de \u201cFigueroles en Festes Majors\u201d, a c\u00e0rrec de la Rondalla els\u00a0Kimbols de la localitat. <br \/>Este esdeveniment, que promou la uni\u00f3 dels pobles de la comarca, la seua cultura i les seues\u00a0tradicions, est\u00e0 patrocinat per l&#8217;Ajuntament de Figueroles, l&#8217;empresa Equipe Cer\u00e0miques i la Caixa Rural L&#8217;Alcora, a m\u00e9s de comptar amb la col\u00b7laboraci\u00f3 de nombroses\u00a0associacions.<\/p>\t\t\t\t\t\t\t\t<\/div>\n\t\t\t\t<\/div>\n\t\t\t\t\t<\/div>\n\t\t\t\t<\/div>\n\t\t\t\t<\/div>\n\t\t","protected":false},"excerpt":{"rendered":"<p>La banda de m\u00fasica i el Cor de la Parr\u00f2quia ja estan assajant esta can\u00e7\u00f3, que \u00e9s una adaptaci\u00f3 de \u201cLa *Bolangera\u201d. \u00a0 La XXIII Mostra Cultural de l&#8217;Alcalat\u00e9n, trobada comarcal organitzada per la Coordinadora de l&#8217;Alcalat\u00e9n i l&#8217;Associaci\u00f3 Cultural l\u2019Arc que se celebrar\u00e0 a Figueroles\u00a0el pr\u00f2xim 15 de juny, est\u00e0 treballant en la creaci\u00f3 [&hellip;]<\/p>\n","protected":false},"author":1,"featured_media":0,"comment_status":"open","ping_status":"open","sticky":false,"template":"","format":"standard","meta":{"_acf_changed":false,"site-sidebar-layout":"default","site-content-layout":"","ast-site-content-layout":"default","site-content-style":"default","site-sidebar-style":"default","ast-global-header-display":"","ast-banner-title-visibility":"","ast-main-header-display":"","ast-hfb-above-header-display":"","ast-hfb-below-header-display":"","ast-hfb-mobile-header-display":"","site-post-title":"","ast-breadcrumbs-content":"","ast-featured-img":"","footer-sml-layout":"","ast-disable-related-posts":"","theme-transparent-header-meta":"","adv-header-id-meta":"","stick-header-meta":"","header-above-stick-meta":"","header-main-stick-meta":"","header-below-stick-meta":"","astra-migrate-meta-layouts":"default","ast-page-background-enabled":"default","ast-page-background-meta":{"desktop":{"background-color":"var(--ast-global-color-4)","background-image":"","background-repeat":"repeat","background-position":"center center","background-size":"auto","background-attachment":"scroll","background-type":"","background-media":"","overlay-type":"","overlay-color":"","overlay-opacity":"","overlay-gradient":""},"tablet":{"background-color":"","background-image":"","background-repeat":"repeat","background-position":"center center","background-size":"auto","background-attachment":"scroll","background-type":"","background-media":"","overlay-type":"","overlay-color":"","overlay-opacity":"","overlay-gradient":""},"mobile":{"background-color":"","background-image":"","background-repeat":"repeat","background-position":"center center","background-size":"auto","background-attachment":"scroll","background-type":"","background-media":"","overlay-type":"","overlay-color":"","overlay-opacity":"","overlay-gradient":""}},"ast-content-background-meta":{"desktop":{"background-color":"var(--ast-global-color-5)","background-image":"","background-repeat":"repeat","background-position":"center center","background-size":"auto","background-attachment":"scroll","background-type":"","background-media":"","overlay-type":"","overlay-color":"","overlay-opacity":"","overlay-gradient":""},"tablet":{"background-color":"var(--ast-global-color-5)","background-image":"","background-repeat":"repeat","background-position":"center center","background-size":"auto","background-attachment":"scroll","background-type":"","background-media":"","overlay-type":"","overlay-color":"","overlay-opacity":"","overlay-gradient":""},"mobile":{"background-color":"var(--ast-global-color-5)","background-image":"","background-repeat":"repeat","background-position":"center center","background-size":"auto","background-attachment":"scroll","background-type":"","background-media":"","overlay-type":"","overlay-color":"","overlay-opacity":"","overlay-gradient":""}},"footnotes":""},"categories":[1,28],"tags":[],"class_list":["post-3158","post","type-post","status-publish","format-standard","hentry","category-blog","category-figueroles"],"aioseo_notices":[],"acf":[],"_links":{"self":[{"href":"https:\/\/alcalaten.es\/index.php\/wp-json\/wp\/v2\/posts\/3158","targetHints":{"allow":["GET"]}}],"collection":[{"href":"https:\/\/alcalaten.es\/index.php\/wp-json\/wp\/v2\/posts"}],"about":[{"href":"https:\/\/alcalaten.es\/index.php\/wp-json\/wp\/v2\/types\/post"}],"author":[{"embeddable":true,"href":"https:\/\/alcalaten.es\/index.php\/wp-json\/wp\/v2\/users\/1"}],"replies":[{"embeddable":true,"href":"https:\/\/alcalaten.es\/index.php\/wp-json\/wp\/v2\/comments?post=3158"}],"version-history":[{"count":4,"href":"https:\/\/alcalaten.es\/index.php\/wp-json\/wp\/v2\/posts\/3158\/revisions"}],"predecessor-version":[{"id":3163,"href":"https:\/\/alcalaten.es\/index.php\/wp-json\/wp\/v2\/posts\/3158\/revisions\/3163"}],"wp:attachment":[{"href":"https:\/\/alcalaten.es\/index.php\/wp-json\/wp\/v2\/media?parent=3158"}],"wp:term":[{"taxonomy":"category","embeddable":true,"href":"https:\/\/alcalaten.es\/index.php\/wp-json\/wp\/v2\/categories?post=3158"},{"taxonomy":"post_tag","embeddable":true,"href":"https:\/\/alcalaten.es\/index.php\/wp-json\/wp\/v2\/tags?post=3158"}],"curies":[{"name":"wp","href":"https:\/\/api.w.org\/{rel}","templated":true}]}}