{"id":3239,"date":"2024-06-09T14:13:37","date_gmt":"2024-06-09T12:13:37","guid":{"rendered":"https:\/\/alcalaten.es\/?p=3239"},"modified":"2024-06-09T14:15:19","modified_gmt":"2024-06-09T12:15:19","slug":"lartista-alba-bla-finalitza-el-mural-commemoratiude-la-mostra-cultural-de-lalcalaten","status":"publish","type":"post","link":"https:\/\/alcalaten.es\/index.php\/2024\/06\/09\/lartista-alba-bla-finalitza-el-mural-commemoratiude-la-mostra-cultural-de-lalcalaten\/","title":{"rendered":"L&#8217;artista Alba Bla finalitza el mural commemoratiude la Mostra Cultural de l\u2019Alcalat\u00e9n"},"content":{"rendered":"\t\t<div data-elementor-type=\"wp-post\" data-elementor-id=\"3239\" class=\"elementor elementor-3239\">\n\t\t\t\t<div class=\"elementor-element elementor-element-af4f283 e-flex e-con-boxed e-con e-parent\" data-id=\"af4f283\" data-element_type=\"container\" data-e-type=\"container\">\n\t\t\t\t\t<div class=\"e-con-inner\">\n\t\t\t\t<div class=\"elementor-element elementor-element-e9fc545 elementor-widget elementor-widget-text-editor\" data-id=\"e9fc545\" data-element_type=\"widget\" data-e-type=\"widget\" data-widget_type=\"text-editor.default\">\n\t\t\t\t<div class=\"elementor-widget-container\">\n\t\t\t\t\t\t\t\t\t<p>El pr\u00f2xim 15 de juny s&#8217;inaugurar\u00e0 oficialment el mural, que decora una de\u00a0les fa\u00e7anes laterals de la Cooperativa Sant Mateu de Figueroles i representa\u00a0a una xiqueta amb una branca d&#8217;olivera a la m\u00e0.<br \/><br \/>L&#8217;artista valenciana Alba Bla ha finalitzat el mural commemoratiu de la\u00a0XXIII Mostra Cultural del Alcalat\u00e9n, proposta art\u00edstica que s&#8217;ha desenvolupat en una de\u00a0les fa\u00e7anes laterals de la Cooperativa Sant Mateu de Figueroles i que forma part de la\u00a0programaci\u00f3 d&#8217;aquest esdeveniment comarcal organitzat per la Coordinadora de\u00a0l&#8217;Alcalat\u00e9n i l\u2019Associaci\u00f3 Cultural l\u2019Arc.<\/p><p><br \/>El projecte, impulsat per l&#8217;Associaci\u00f3 Cultural Barrabum, s&#8217;ha desenvolupat en\u00a0col\u00b7laboraci\u00f3 amb l\u2019Escola d\u2019Art i Superior de Disseny de Castell\u00f3, a trav\u00e9s d&#8217;un concurs\u00a0i ha comptat amb el patrocini de la Coordinadora del Alcalat\u00e9n, la Cooperativa Sant\u00a0Mateu, l&#8217;Ajuntament de Figueroles i l&#8217;empresa Equipe Cer\u00e1micas. De fet, despr\u00e9s d&#8217;una\u00a0visita de l\u2019organitzaci\u00f3 i col.laboradors al mural se li ha fet lliurament a l&#8217;artista d&#8217;un\u00a0diploma i del premi.<\/p><p><br \/>La intervenci\u00f3 mural\u00edstica representa una xiqueta amb una branca d&#8217;olivera a la m\u00e0 i\u00a0inclou un missatge de text que connecta aquest cultiu amb la identitat, lligant-lo aix\u00ed a\u00a0la tem\u00e0tica d&#8217;aquest esdeveniment comarcal.<\/p><p><br \/>La iniciativa compleix el prop\u00f2sit de promoure el talent jove i donar pres\u00e8ncia al vessant\u00a0art\u00edstic en la Mostra Cultural, que se celebrar\u00e0 a Figueroles el pr\u00f2xim 15 de juny. Aix\u00ed\u00a0mateix, en aquesta jornada s&#8217;inaugurar\u00e0 oficialment aquest mural commemoratiu.<\/p>\t\t\t\t\t\t\t\t<\/div>\n\t\t\t\t<\/div>\n\t\t\t\t\t<\/div>\n\t\t\t\t<\/div>\n\t\t<div class=\"elementor-element elementor-element-971ab53 e-flex e-con-boxed e-con e-parent\" data-id=\"971ab53\" data-element_type=\"container\" data-e-type=\"container\">\n\t\t\t\t\t<div class=\"e-con-inner\">\n\t\t<div class=\"elementor-element elementor-element-bad94dd e-con-full e-flex e-con e-child\" data-id=\"bad94dd\" data-element_type=\"container\" data-e-type=\"container\">\n\t\t\t\t<div class=\"elementor-element elementor-element-810f780 elementor-widget elementor-widget-image\" data-id=\"810f780\" data-element_type=\"widget\" data-e-type=\"widget\" data-widget_type=\"image.default\">\n\t\t\t\t<div class=\"elementor-widget-container\">\n\t\t\t\t\t\t\t\t\t\t\t\t\t\t\t\t<a href=\"https:\/\/alcalaten.es\/wp-content\/uploads\/2024\/06\/1717935197851.jpg\" data-elementor-open-lightbox=\"yes\" data-elementor-lightbox-title=\"1717935197851\" data-e-action-hash=\"#elementor-action%3Aaction%3Dlightbox%26settings%3DeyJpZCI6MzI0MCwidXJsIjoiaHR0cHM6XC9cL2FsY2FsYXRlbi5lc1wvd3AtY29udGVudFwvdXBsb2Fkc1wvMjAyNFwvMDZcLzE3MTc5MzUxOTc4NTEuanBnIn0%3D\">\n\t\t\t\t\t\t\t<img fetchpriority=\"high\" decoding=\"async\" width=\"1024\" height=\"685\" src=\"https:\/\/alcalaten.es\/wp-content\/uploads\/2024\/06\/1717935197851-1024x685.jpg\" class=\"attachment-large size-large wp-image-3240\" alt=\"\" srcset=\"https:\/\/alcalaten.es\/wp-content\/uploads\/2024\/06\/1717935197851-1024x685.jpg 1024w, https:\/\/alcalaten.es\/wp-content\/uploads\/2024\/06\/1717935197851-300x201.jpg 300w, https:\/\/alcalaten.es\/wp-content\/uploads\/2024\/06\/1717935197851-768x514.jpg 768w, https:\/\/alcalaten.es\/wp-content\/uploads\/2024\/06\/1717935197851-1536x1028.jpg 1536w, https:\/\/alcalaten.es\/wp-content\/uploads\/2024\/06\/1717935197851.jpg 1600w\" sizes=\"(max-width: 1024px) 100vw, 1024px\" \/>\t\t\t\t\t\t\t\t<\/a>\n\t\t\t\t\t\t\t\t\t\t\t\t\t\t\t<\/div>\n\t\t\t\t<\/div>\n\t\t\t\t<\/div>\n\t\t<div class=\"elementor-element elementor-element-798fe4a e-con-full e-flex e-con e-child\" data-id=\"798fe4a\" data-element_type=\"container\" data-e-type=\"container\">\n\t\t\t\t<div class=\"elementor-element elementor-element-926ec8d elementor-widget elementor-widget-image\" data-id=\"926ec8d\" data-element_type=\"widget\" data-e-type=\"widget\" data-widget_type=\"image.default\">\n\t\t\t\t<div class=\"elementor-widget-container\">\n\t\t\t\t\t\t\t\t\t\t\t\t\t\t\t\t<a href=\"https:\/\/alcalaten.es\/wp-content\/uploads\/2024\/06\/1717935197866.jpg\" data-elementor-open-lightbox=\"yes\" data-elementor-lightbox-title=\"1717935197866\" data-e-action-hash=\"#elementor-action%3Aaction%3Dlightbox%26settings%3DeyJpZCI6MzI0MSwidXJsIjoiaHR0cHM6XC9cL2FsY2FsYXRlbi5lc1wvd3AtY29udGVudFwvdXBsb2Fkc1wvMjAyNFwvMDZcLzE3MTc5MzUxOTc4NjYuanBnIn0%3D\">\n\t\t\t\t\t\t\t<img decoding=\"async\" width=\"1024\" height=\"685\" src=\"https:\/\/alcalaten.es\/wp-content\/uploads\/2024\/06\/1717935197866-1024x685.jpg\" class=\"attachment-large size-large wp-image-3241\" alt=\"\" srcset=\"https:\/\/alcalaten.es\/wp-content\/uploads\/2024\/06\/1717935197866-1024x685.jpg 1024w, https:\/\/alcalaten.es\/wp-content\/uploads\/2024\/06\/1717935197866-300x201.jpg 300w, https:\/\/alcalaten.es\/wp-content\/uploads\/2024\/06\/1717935197866-768x514.jpg 768w, https:\/\/alcalaten.es\/wp-content\/uploads\/2024\/06\/1717935197866-1536x1028.jpg 1536w, https:\/\/alcalaten.es\/wp-content\/uploads\/2024\/06\/1717935197866.jpg 1600w\" sizes=\"(max-width: 1024px) 100vw, 1024px\" \/>\t\t\t\t\t\t\t\t<\/a>\n\t\t\t\t\t\t\t\t\t\t\t\t\t\t\t<\/div>\n\t\t\t\t<\/div>\n\t\t\t\t<\/div>\n\t\t\t\t\t<\/div>\n\t\t\t\t<\/div>\n\t\t\t\t<\/div>\n\t\t","protected":false},"excerpt":{"rendered":"<p>El pr\u00f2xim 15 de juny s&#8217;inaugurar\u00e0 oficialment el mural, que decora una de\u00a0les fa\u00e7anes laterals de la Cooperativa Sant Mateu de Figueroles i representa\u00a0a una xiqueta amb una branca d&#8217;olivera a la m\u00e0. L&#8217;artista valenciana Alba Bla ha finalitzat el mural commemoratiu de la\u00a0XXIII Mostra Cultural del Alcalat\u00e9n, proposta art\u00edstica que s&#8217;ha desenvolupat en una [&hellip;]<\/p>\n","protected":false},"author":1,"featured_media":0,"comment_status":"open","ping_status":"open","sticky":false,"template":"","format":"standard","meta":{"_acf_changed":false,"site-sidebar-layout":"default","site-content-layout":"","ast-site-content-layout":"default","site-content-style":"default","site-sidebar-style":"default","ast-global-header-display":"","ast-banner-title-visibility":"","ast-main-header-display":"","ast-hfb-above-header-display":"","ast-hfb-below-header-display":"","ast-hfb-mobile-header-display":"","site-post-title":"","ast-breadcrumbs-content":"","ast-featured-img":"","footer-sml-layout":"","ast-disable-related-posts":"","theme-transparent-header-meta":"","adv-header-id-meta":"","stick-header-meta":"","header-above-stick-meta":"","header-main-stick-meta":"","header-below-stick-meta":"","astra-migrate-meta-layouts":"default","ast-page-background-enabled":"default","ast-page-background-meta":{"desktop":{"background-color":"var(--ast-global-color-4)","background-image":"","background-repeat":"repeat","background-position":"center center","background-size":"auto","background-attachment":"scroll","background-type":"","background-media":"","overlay-type":"","overlay-color":"","overlay-opacity":"","overlay-gradient":""},"tablet":{"background-color":"","background-image":"","background-repeat":"repeat","background-position":"center center","background-size":"auto","background-attachment":"scroll","background-type":"","background-media":"","overlay-type":"","overlay-color":"","overlay-opacity":"","overlay-gradient":""},"mobile":{"background-color":"","background-image":"","background-repeat":"repeat","background-position":"center center","background-size":"auto","background-attachment":"scroll","background-type":"","background-media":"","overlay-type":"","overlay-color":"","overlay-opacity":"","overlay-gradient":""}},"ast-content-background-meta":{"desktop":{"background-color":"var(--ast-global-color-5)","background-image":"","background-repeat":"repeat","background-position":"center center","background-size":"auto","background-attachment":"scroll","background-type":"","background-media":"","overlay-type":"","overlay-color":"","overlay-opacity":"","overlay-gradient":""},"tablet":{"background-color":"var(--ast-global-color-5)","background-image":"","background-repeat":"repeat","background-position":"center center","background-size":"auto","background-attachment":"scroll","background-type":"","background-media":"","overlay-type":"","overlay-color":"","overlay-opacity":"","overlay-gradient":""},"mobile":{"background-color":"var(--ast-global-color-5)","background-image":"","background-repeat":"repeat","background-position":"center center","background-size":"auto","background-attachment":"scroll","background-type":"","background-media":"","overlay-type":"","overlay-color":"","overlay-opacity":"","overlay-gradient":""}},"footnotes":""},"categories":[1],"tags":[],"class_list":["post-3239","post","type-post","status-publish","format-standard","hentry","category-blog"],"aioseo_notices":[],"acf":[],"_links":{"self":[{"href":"https:\/\/alcalaten.es\/index.php\/wp-json\/wp\/v2\/posts\/3239","targetHints":{"allow":["GET"]}}],"collection":[{"href":"https:\/\/alcalaten.es\/index.php\/wp-json\/wp\/v2\/posts"}],"about":[{"href":"https:\/\/alcalaten.es\/index.php\/wp-json\/wp\/v2\/types\/post"}],"author":[{"embeddable":true,"href":"https:\/\/alcalaten.es\/index.php\/wp-json\/wp\/v2\/users\/1"}],"replies":[{"embeddable":true,"href":"https:\/\/alcalaten.es\/index.php\/wp-json\/wp\/v2\/comments?post=3239"}],"version-history":[{"count":3,"href":"https:\/\/alcalaten.es\/index.php\/wp-json\/wp\/v2\/posts\/3239\/revisions"}],"predecessor-version":[{"id":3244,"href":"https:\/\/alcalaten.es\/index.php\/wp-json\/wp\/v2\/posts\/3239\/revisions\/3244"}],"wp:attachment":[{"href":"https:\/\/alcalaten.es\/index.php\/wp-json\/wp\/v2\/media?parent=3239"}],"wp:term":[{"taxonomy":"category","embeddable":true,"href":"https:\/\/alcalaten.es\/index.php\/wp-json\/wp\/v2\/categories?post=3239"},{"taxonomy":"post_tag","embeddable":true,"href":"https:\/\/alcalaten.es\/index.php\/wp-json\/wp\/v2\/tags?post=3239"}],"curies":[{"name":"wp","href":"https:\/\/api.w.org\/{rel}","templated":true}]}}